{"id":1894,"date":"2021-11-15T15:00:37","date_gmt":"2021-11-15T15:00:37","guid":{"rendered":"https:\/\/bicentenariosantamaria.cl\/?p=1894"},"modified":"2021-11-24T15:20:59","modified_gmt":"2021-11-24T15:20:59","slug":"vacunacion-de-segunda-dosis-sars-cov-2","status":"publish","type":"post","link":"https:\/\/bicentenariosantamaria.cl\/index.php\/2021\/11\/15\/vacunacion-de-segunda-dosis-sars-cov-2\/","title":{"rendered":""},"content":{"rendered":"\n<p class=\"has-base-3-color has-text-color has-background\" style=\"background-color:#ff6900;font-size:30px\"><strong>Vacunaci\u00f3n de segunda dosis  SARS CoV-2<\/strong><\/p>\n\n\n\n\n\n\n\n<p>El personal de Salud del CESFAM Anibal Arizt\u00eda, vacun\u00f3 con la segunda dosis contra el SARS CoV-2 a nuestros estudiantes desde Kinder hasta Octavo a\u00f1o b\u00e1sico. Fueron vacunados 230 j\u00f3venes, todo como parte del compromiso de nuestra comunidad para darle mayor protecci\u00f3n a nuestros. alumnos.<\/p>\n","protected":false},"excerpt":{"rendered":"<p>Vacunaci\u00f3n de segunda dosis SARS CoV-2 El personal de Salud del CESFAM Anibal Arizt\u00eda, vacun\u00f3 con la segunda dosis contra el SARS CoV-2 a nuestros estudiantes desde Kinder hasta Octavo a\u00f1o b\u00e1sico. Fueron vacunados 230 j\u00f3venes, todo como parte del compromiso de nuestra comunidad para darle mayor protecci\u00f3n a nuestros. alumnos.<\/p>\n","protected":false},"author":1,"featured_media":0,"comment_status":"closed","ping_status":"closed","sticky":false,"template":"","format":"standard","meta":{"pagelayer_contact_templates":[],"_pagelayer_content":"","footnotes":""},"categories":[1],"tags":[114],"class_list":["post-1894","post","type-post","status-publish","format-standard","hentry","category-portada","tag-vacunacion-de-segunda-dosis-sars-cov-2"],"_links":{"self":[{"href":"https:\/\/bicentenariosantamaria.cl\/index.php\/wp-json\/wp\/v2\/posts\/1894","targetHints":{"allow":["GET"]}}],"collection":[{"href":"https:\/\/bicentenariosantamaria.cl\/index.php\/wp-json\/wp\/v2\/posts"}],"about":[{"href":"https:\/\/bicentenariosantamaria.cl\/index.php\/wp-json\/wp\/v2\/types\/post"}],"author":[{"embeddable":true,"href":"https:\/\/bicentenariosantamaria.cl\/index.php\/wp-json\/wp\/v2\/users\/1"}],"replies":[{"embeddable":true,"href":"https:\/\/bicentenariosantamaria.cl\/index.php\/wp-json\/wp\/v2\/comments?post=1894"}],"version-history":[{"count":0,"href":"https:\/\/bicentenariosantamaria.cl\/index.php\/wp-json\/wp\/v2\/posts\/1894\/revisions"}],"wp:attachment":[{"href":"https:\/\/bicentenariosantamaria.cl\/index.php\/wp-json\/wp\/v2\/media?parent=1894"}],"wp:term":[{"taxonomy":"category","embeddable":true,"href":"https:\/\/bicentenariosantamaria.cl\/index.php\/wp-json\/wp\/v2\/categories?post=1894"},{"taxonomy":"post_tag","embeddable":true,"href":"https:\/\/bicentenariosantamaria.cl\/index.php\/wp-json\/wp\/v2\/tags?post=1894"}],"curies":[{"name":"wp","href":"https:\/\/api.w.org\/{rel}","templated":true}]}}