{"id":1911,"date":"2021-11-15T15:00:13","date_gmt":"2021-11-15T15:00:13","guid":{"rendered":"https:\/\/bicentenariosantamaria.cl\/?p=1911"},"modified":"2021-11-24T15:32:18","modified_gmt":"2021-11-24T15:32:18","slug":"mes-de-maria-2021","status":"publish","type":"post","link":"https:\/\/bicentenariosantamaria.cl\/index.php\/2021\/11\/15\/mes-de-maria-2021\/","title":{"rendered":""},"content":{"rendered":"\n<p class=\"has-base-3-color has-text-color has-background\" style=\"background-color:#ff6900;font-size:30px\"><strong>Estamos en el mes de Mar\u00eda 2021<\/strong><\/p>\n\n\n\n\n\n\n\n<p>Acostumbramos cada a\u00f1o a celebrar el Mes de Mar\u00eda desde la primera hora de la ma\u00f1ana, antes del inicio de cada jornada. Nuestra profesora de Religi\u00f3n Srta. Lina Olgu\u00edn conduce y lidera la oraci\u00f3n a Mar\u00eda, madre de Jes\u00fas, extendiendo nuestra petici\u00f3n de pronta mejor\u00eda para cada uno de los miembros de nuestra comunidad que se han visto afectados por la actual crisis sanitaria.<\/p>\n","protected":false},"excerpt":{"rendered":"<p>Estamos en el mes de Mar\u00eda 2021 Acostumbramos cada a\u00f1o a celebrar el Mes de Mar\u00eda desde la primera hora de la ma\u00f1ana, antes del inicio de cada jornada. Nuestra profesora de Religi\u00f3n Srta. Lina Olgu\u00edn conduce y lidera la oraci\u00f3n a Mar\u00eda, madre de Jes\u00fas, extendiendo nuestra petici\u00f3n de pronta mejor\u00eda para cada uno &#8230; <a title=\"\" class=\"read-more\" href=\"https:\/\/bicentenariosantamaria.cl\/index.php\/2021\/11\/15\/mes-de-maria-2021\/\" aria-label=\"Leer m\u00e1s sobre \">Leer m\u00e1s<\/a><\/p>\n","protected":false},"author":1,"featured_media":0,"comment_status":"closed","ping_status":"closed","sticky":false,"template":"","format":"standard","meta":{"pagelayer_contact_templates":[],"_pagelayer_content":"","footnotes":""},"categories":[1],"tags":[115],"class_list":["post-1911","post","type-post","status-publish","format-standard","hentry","category-portada","tag-mes-de-maria-2021"],"_links":{"self":[{"href":"https:\/\/bicentenariosantamaria.cl\/index.php\/wp-json\/wp\/v2\/posts\/1911","targetHints":{"allow":["GET"]}}],"collection":[{"href":"https:\/\/bicentenariosantamaria.cl\/index.php\/wp-json\/wp\/v2\/posts"}],"about":[{"href":"https:\/\/bicentenariosantamaria.cl\/index.php\/wp-json\/wp\/v2\/types\/post"}],"author":[{"embeddable":true,"href":"https:\/\/bicentenariosantamaria.cl\/index.php\/wp-json\/wp\/v2\/users\/1"}],"replies":[{"embeddable":true,"href":"https:\/\/bicentenariosantamaria.cl\/index.php\/wp-json\/wp\/v2\/comments?post=1911"}],"version-history":[{"count":0,"href":"https:\/\/bicentenariosantamaria.cl\/index.php\/wp-json\/wp\/v2\/posts\/1911\/revisions"}],"wp:attachment":[{"href":"https:\/\/bicentenariosantamaria.cl\/index.php\/wp-json\/wp\/v2\/media?parent=1911"}],"wp:term":[{"taxonomy":"category","embeddable":true,"href":"https:\/\/bicentenariosantamaria.cl\/index.php\/wp-json\/wp\/v2\/categories?post=1911"},{"taxonomy":"post_tag","embeddable":true,"href":"https:\/\/bicentenariosantamaria.cl\/index.php\/wp-json\/wp\/v2\/tags?post=1911"}],"curies":[{"name":"wp","href":"https:\/\/api.w.org\/{rel}","templated":true}]}}