{"id":1913,"date":"2021-11-15T08:00:44","date_gmt":"2021-11-15T08:00:44","guid":{"rendered":"https:\/\/bicentenariosantamaria.cl\/?p=1913"},"modified":"2021-11-24T15:37:52","modified_gmt":"2021-11-24T15:37:52","slug":"comunicacion-sobre-el-proceso-de-suspension-de-actividades","status":"publish","type":"post","link":"https:\/\/bicentenariosantamaria.cl\/index.php\/2021\/11\/15\/comunicacion-sobre-el-proceso-de-suspension-de-actividades\/","title":{"rendered":""},"content":{"rendered":"\n<p class=\"has-base-3-color has-text-color has-background\" style=\"background-color:#ff6900;font-size:30px\"><strong>Comunicaci\u00f3n sobre el proceso de suspensi\u00f3n de actividades durante el per\u00edodo de elecciones presidenciales, parlamentarias y de consejeros regionales<\/strong><\/p>\n\n\n\n<div class=\"wp-block-pdfjsblock-pdfjs-embed pdfjs-wrapper\">[pdfjs-viewer attachment_id=1914 url=http:\/\/bicentenariosantamaria.cl\/wp-content\/uploads\/2021\/11\/Circular-No-15-Informativa-Apoderados.pdf viewer_width=0 viewer_height=800 url=http:\/\/bicentenariosantamaria.cl\/wp-content\/uploads\/2021\/11\/Circular-No-15-Informativa-Apoderados.pdf download=true print=true fullscreen=false fullscreen_target=false fullscreen_text=\u00bbon\u00bb zoom=0  ]<\/div>\n","protected":false},"excerpt":{"rendered":"<p>Comunicaci\u00f3n sobre el proceso de suspensi\u00f3n de actividades durante el per\u00edodo de elecciones presidenciales, parlamentarias y de consejeros regionales<\/p>\n","protected":false},"author":1,"featured_media":0,"comment_status":"closed","ping_status":"closed","sticky":false,"template":"","format":"standard","meta":{"pagelayer_contact_templates":[],"_pagelayer_content":"","footnotes":""},"categories":[1],"tags":[116],"class_list":["post-1913","post","type-post","status-publish","format-standard","hentry","category-portada","tag-comunicacion-sobre-el-proceso-de-suspension-de-actividades"],"_links":{"self":[{"href":"https:\/\/bicentenariosantamaria.cl\/index.php\/wp-json\/wp\/v2\/posts\/1913","targetHints":{"allow":["GET"]}}],"collection":[{"href":"https:\/\/bicentenariosantamaria.cl\/index.php\/wp-json\/wp\/v2\/posts"}],"about":[{"href":"https:\/\/bicentenariosantamaria.cl\/index.php\/wp-json\/wp\/v2\/types\/post"}],"author":[{"embeddable":true,"href":"https:\/\/bicentenariosantamaria.cl\/index.php\/wp-json\/wp\/v2\/users\/1"}],"replies":[{"embeddable":true,"href":"https:\/\/bicentenariosantamaria.cl\/index.php\/wp-json\/wp\/v2\/comments?post=1913"}],"version-history":[{"count":0,"href":"https:\/\/bicentenariosantamaria.cl\/index.php\/wp-json\/wp\/v2\/posts\/1913\/revisions"}],"wp:attachment":[{"href":"https:\/\/bicentenariosantamaria.cl\/index.php\/wp-json\/wp\/v2\/media?parent=1913"}],"wp:term":[{"taxonomy":"category","embeddable":true,"href":"https:\/\/bicentenariosantamaria.cl\/index.php\/wp-json\/wp\/v2\/categories?post=1913"},{"taxonomy":"post_tag","embeddable":true,"href":"https:\/\/bicentenariosantamaria.cl\/index.php\/wp-json\/wp\/v2\/tags?post=1913"}],"curies":[{"name":"wp","href":"https:\/\/api.w.org\/{rel}","templated":true}]}}