{"id":1934,"date":"2021-11-25T18:00:34","date_gmt":"2021-11-25T18:00:34","guid":{"rendered":"https:\/\/bicentenariosantamaria.cl\/?p=1934"},"modified":"2021-11-25T21:51:45","modified_gmt":"2021-11-25T21:51:45","slug":"mindfulness-para-apoderados-en-nuestro-liceo","status":"publish","type":"post","link":"https:\/\/bicentenariosantamaria.cl\/index.php\/2021\/11\/25\/mindfulness-para-apoderados-en-nuestro-liceo\/","title":{"rendered":""},"content":{"rendered":"\n<p class=\"has-base-3-color has-text-color has-background\" style=\"background-color:#ff6900;font-size:30px\"><strong>Mindfulness para apoderados en nuestro Liceo Bicentenario<\/strong><\/p>\n\n\n\n\n\n\n\n<p>Continuamos extendiendo la formaci\u00f3n de Mindfulness, a trav\u00e9s de una capacitaci\u00f3n presencial para apoderados del Liceo Bicentenario Santa Mar\u00eda de Las Condes. Cada curso envi\u00f3 a su representante para esta ocasi\u00f3n. Esta capacitaci\u00f3n se enmarca dentro del \u00abPlan de Fortalecimiento Educativo\u00bb de los colegios bicentenarios.<\/p>\n","protected":false},"excerpt":{"rendered":"<p>Mindfulness para apoderados en nuestro Liceo Bicentenario Continuamos extendiendo la formaci\u00f3n de Mindfulness, a trav\u00e9s de una capacitaci\u00f3n presencial para apoderados del Liceo Bicentenario Santa Mar\u00eda de Las Condes. Cada curso envi\u00f3 a su representante para esta ocasi\u00f3n. Esta capacitaci\u00f3n se enmarca dentro del \u00abPlan de Fortalecimiento Educativo\u00bb de los colegios bicentenarios.<\/p>\n","protected":false},"author":1,"featured_media":0,"comment_status":"closed","ping_status":"closed","sticky":false,"template":"","format":"standard","meta":{"pagelayer_contact_templates":[],"_pagelayer_content":"","footnotes":""},"categories":[1],"tags":[118],"class_list":["post-1934","post","type-post","status-publish","format-standard","hentry","category-portada","tag-mindfulness-para-apoderados-en-nuestro-liceo"],"_links":{"self":[{"href":"https:\/\/bicentenariosantamaria.cl\/index.php\/wp-json\/wp\/v2\/posts\/1934","targetHints":{"allow":["GET"]}}],"collection":[{"href":"https:\/\/bicentenariosantamaria.cl\/index.php\/wp-json\/wp\/v2\/posts"}],"about":[{"href":"https:\/\/bicentenariosantamaria.cl\/index.php\/wp-json\/wp\/v2\/types\/post"}],"author":[{"embeddable":true,"href":"https:\/\/bicentenariosantamaria.cl\/index.php\/wp-json\/wp\/v2\/users\/1"}],"replies":[{"embeddable":true,"href":"https:\/\/bicentenariosantamaria.cl\/index.php\/wp-json\/wp\/v2\/comments?post=1934"}],"version-history":[{"count":0,"href":"https:\/\/bicentenariosantamaria.cl\/index.php\/wp-json\/wp\/v2\/posts\/1934\/revisions"}],"wp:attachment":[{"href":"https:\/\/bicentenariosantamaria.cl\/index.php\/wp-json\/wp\/v2\/media?parent=1934"}],"wp:term":[{"taxonomy":"category","embeddable":true,"href":"https:\/\/bicentenariosantamaria.cl\/index.php\/wp-json\/wp\/v2\/categories?post=1934"},{"taxonomy":"post_tag","embeddable":true,"href":"https:\/\/bicentenariosantamaria.cl\/index.php\/wp-json\/wp\/v2\/tags?post=1934"}],"curies":[{"name":"wp","href":"https:\/\/api.w.org\/{rel}","templated":true}]}}