{"id":2031,"date":"2021-11-26T18:00:52","date_gmt":"2021-11-26T18:00:52","guid":{"rendered":"https:\/\/bicentenariosantamaria.cl\/?p=2031"},"modified":"2021-12-01T20:26:19","modified_gmt":"2021-12-01T20:26:19","slug":"revista-re-accion-edicion-especial-licenciatura-cuartos-medios-2021","status":"publish","type":"post","link":"https:\/\/bicentenariosantamaria.cl\/index.php\/2021\/11\/26\/revista-re-accion-edicion-especial-licenciatura-cuartos-medios-2021\/","title":{"rendered":""},"content":{"rendered":"\n<p class=\"has-base-3-color has-text-color has-background\" style=\"background-color:#ff6900;font-size:30px\"><strong>Revista Re Acci\u00f3n &#8211; Edici\u00f3n Especial: Licenciatura Cuartos medios 2021<\/strong><\/p>\n\n\n\n<div class=\"wp-block-pdfjsblock-pdfjs-embed pdfjs-wrapper\">[pdfjs-viewer attachment_id=2026 url=http:\/\/bicentenariosantamaria.cl\/wp-content\/uploads\/2021\/12\/Revista-Edicion-Especial-2021.pdf viewer_width=0 viewer_height=800 url=http:\/\/bicentenariosantamaria.cl\/wp-content\/uploads\/2021\/12\/Revista-Edicion-Especial-2021.pdf download=true print=true fullscreen=false fullscreen_target=false fullscreen_text=\u00bbon\u00bb zoom=0  ]<\/div>\n\n\n\n<p>Compartimos con ustedes la Edici\u00f3n Especial dedicada a nuestros alumnos de Cuartos a\u00f1os Medios que se han Licenciado en el a\u00f1o 2021. Excelente publicaci\u00f3n con destacada participaci\u00f3n de nuestros profesores y alumnos.<\/p>\n","protected":false},"excerpt":{"rendered":"<p>Revista Re Acci\u00f3n &#8211; Edici\u00f3n Especial: Licenciatura Cuartos medios 2021 Compartimos con ustedes la Edici\u00f3n Especial dedicada a nuestros alumnos de Cuartos a\u00f1os Medios que se han Licenciado en el a\u00f1o 2021. Excelente publicaci\u00f3n con destacada participaci\u00f3n de nuestros profesores y alumnos.<\/p>\n","protected":false},"author":1,"featured_media":0,"comment_status":"closed","ping_status":"closed","sticky":false,"template":"","format":"standard","meta":{"pagelayer_contact_templates":[],"_pagelayer_content":"","footnotes":""},"categories":[1],"tags":[125],"class_list":["post-2031","post","type-post","status-publish","format-standard","hentry","category-portada","tag-revista-re-accion-edicion-especial-licenciatura-cuartos-medios-2021"],"_links":{"self":[{"href":"https:\/\/bicentenariosantamaria.cl\/index.php\/wp-json\/wp\/v2\/posts\/2031","targetHints":{"allow":["GET"]}}],"collection":[{"href":"https:\/\/bicentenariosantamaria.cl\/index.php\/wp-json\/wp\/v2\/posts"}],"about":[{"href":"https:\/\/bicentenariosantamaria.cl\/index.php\/wp-json\/wp\/v2\/types\/post"}],"author":[{"embeddable":true,"href":"https:\/\/bicentenariosantamaria.cl\/index.php\/wp-json\/wp\/v2\/users\/1"}],"replies":[{"embeddable":true,"href":"https:\/\/bicentenariosantamaria.cl\/index.php\/wp-json\/wp\/v2\/comments?post=2031"}],"version-history":[{"count":0,"href":"https:\/\/bicentenariosantamaria.cl\/index.php\/wp-json\/wp\/v2\/posts\/2031\/revisions"}],"wp:attachment":[{"href":"https:\/\/bicentenariosantamaria.cl\/index.php\/wp-json\/wp\/v2\/media?parent=2031"}],"wp:term":[{"taxonomy":"category","embeddable":true,"href":"https:\/\/bicentenariosantamaria.cl\/index.php\/wp-json\/wp\/v2\/categories?post=2031"},{"taxonomy":"post_tag","embeddable":true,"href":"https:\/\/bicentenariosantamaria.cl\/index.php\/wp-json\/wp\/v2\/tags?post=2031"}],"curies":[{"name":"wp","href":"https:\/\/api.w.org\/{rel}","templated":true}]}}